{"id":5095,"date":"2024-04-06T11:00:26","date_gmt":"2024-04-06T09:00:26","guid":{"rendered":"https:\/\/www.newchurch.de\/wpnewchurch\/?p=5095"},"modified":"2024-04-07T19:53:44","modified_gmt":"2024-04-07T17:53:44","slug":"tesla-model-s-10-jahre-alt-und-tuev-erst-im-2-anlauf","status":"publish","type":"post","link":"https:\/\/www.newchurch.de\/wpnewchurch\/archive\/5095","title":{"rendered":"Tesla Model S: 10 Jahre alt und T\u00dcV erst im 2. Anlauf"},"content":{"rendered":"<p>Beim T\u00dcV wurden in diesem Jahr die hinteren Bremsen bem\u00e4ngelt. Die Bremswerte waren zwar ok, aber das Tragbild der Scheiben leicht &#8222;wellig&#8220;. Es waren \u00fcbrigens die ersten Scheiben und Bel\u00e4ge bei aktuell 219000km \ud83d\ude09<\/p>\n<p>Vorteil: haben lange gehalten &#8230;<\/p>\n<p>Nachteil: ich habe die Bremsen nicht selbst wechseln k\u00f6nnen und musste daher in die Werkstatt.<\/p>\n<p>T\u00dcV war anschlie\u00dfend kein Problem \ud83d\ude42<\/p>\n","protected":false},"excerpt":{"rendered":"<p>Beim T\u00dcV wurden in diesem Jahr die hinteren Bremsen bem\u00e4ngelt. Die Bremswerte waren zwar ok, aber das Tragbild der Scheiben leicht &#8222;wellig&#8220;. Es waren \u00fcbrigens die ersten Scheiben und Bel\u00e4ge bei aktuell 219000km \ud83d\ude09 Vorteil: haben lange gehalten &#8230; Nachteil: ich habe die Bremsen nicht selbst wechseln k\u00f6nnen und musste daher in die Werkstatt. T\u00dcV [&hellip;]<\/p>\n","protected":false},"author":1,"featured_media":5068,"comment_status":"closed","ping_status":"open","sticky":false,"template":"","format":"standard","meta":{"footnotes":""},"categories":[3],"tags":[],"class_list":{"0":"post-5095","1":"post","2":"type-post","3":"status-publish","4":"format-standard","5":"has-post-thumbnail","6":"hentry","7":"category-automobiles","9":"post-with-thumbnail","10":"post-with-thumbnail-icon"},"_links":{"self":[{"href":"https:\/\/www.newchurch.de\/wpnewchurch\/wp-json\/wp\/v2\/posts\/5095","targetHints":{"allow":["GET"]}}],"collection":[{"href":"https:\/\/www.newchurch.de\/wpnewchurch\/wp-json\/wp\/v2\/posts"}],"about":[{"href":"https:\/\/www.newchurch.de\/wpnewchurch\/wp-json\/wp\/v2\/types\/post"}],"author":[{"embeddable":true,"href":"https:\/\/www.newchurch.de\/wpnewchurch\/wp-json\/wp\/v2\/users\/1"}],"replies":[{"embeddable":true,"href":"https:\/\/www.newchurch.de\/wpnewchurch\/wp-json\/wp\/v2\/comments?post=5095"}],"version-history":[{"count":1,"href":"https:\/\/www.newchurch.de\/wpnewchurch\/wp-json\/wp\/v2\/posts\/5095\/revisions"}],"predecessor-version":[{"id":5096,"href":"https:\/\/www.newchurch.de\/wpnewchurch\/wp-json\/wp\/v2\/posts\/5095\/revisions\/5096"}],"wp:featuredmedia":[{"embeddable":true,"href":"https:\/\/www.newchurch.de\/wpnewchurch\/wp-json\/wp\/v2\/media\/5068"}],"wp:attachment":[{"href":"https:\/\/www.newchurch.de\/wpnewchurch\/wp-json\/wp\/v2\/media?parent=5095"}],"wp:term":[{"taxonomy":"category","embeddable":true,"href":"https:\/\/www.newchurch.de\/wpnewchurch\/wp-json\/wp\/v2\/categories?post=5095"},{"taxonomy":"post_tag","embeddable":true,"href":"https:\/\/www.newchurch.de\/wpnewchurch\/wp-json\/wp\/v2\/tags?post=5095"}],"curies":[{"name":"wp","href":"https:\/\/api.w.org\/{rel}","templated":true}]}}