{"id":985,"date":"2019-07-22T19:42:48","date_gmt":"2019-07-22T17:42:48","guid":{"rendered":"http:\/\/www.newchurch.de\/wpfwg\/?p=985"},"modified":"2019-07-25T19:51:26","modified_gmt":"2019-07-25T17:51:26","slug":"wir-trauern-um-karl-josef-ewald","status":"publish","type":"post","link":"https:\/\/www.newchurch.de\/wpfwg\/2019\/07\/22\/wir-trauern-um-karl-josef-ewald\/","title":{"rendered":"Wir trauern um Karl-Josef Ewald"},"content":{"rendered":"<p><a href=\"http:\/\/www.newchurch.de\/wpfwg\/wp-content\/uploads\/2019\/07\/kreuz-1.png\"><img loading=\"lazy\" decoding=\"async\" class=\" wp-image-989 alignleft\" src=\"http:\/\/www.newchurch.de\/wpfwg\/wp-content\/uploads\/2019\/07\/kreuz-1-278x300.png\" alt=\"\" width=\"194\" height=\"209\" srcset=\"https:\/\/www.newchurch.de\/wpfwg\/wp-content\/uploads\/2019\/07\/kreuz-1-278x300.png 278w, https:\/\/www.newchurch.de\/wpfwg\/wp-content\/uploads\/2019\/07\/kreuz-1-768x829.png 768w, https:\/\/www.newchurch.de\/wpfwg\/wp-content\/uploads\/2019\/07\/kreuz-1-949x1024.png 949w, https:\/\/www.newchurch.de\/wpfwg\/wp-content\/uploads\/2019\/07\/kreuz-1.png 972w\" sizes=\"auto, (max-width: 194px) 100vw, 194px\" \/><\/a><\/p>\n<p>&nbsp;<\/p>\n<p>Die FWG Brechen trauert um ihren langj\u00e4hrigen und verdienten politischen Mitstreiter Herrn Karl-Josef Ewald, der am 19. Juli 2019 im Alter von 78 Jahren verstorben ist.<\/p>\n<p>Karl-Josef Ewald war vom 20. April 1989 bis zum 31. M\u00e4rz 2006 f\u00fcr die FWG Brechen als Gemeindevertreter und Mitglied im Bauausschuss mit gro\u00dfem Engagement t\u00e4tig. Zudem leitete er den Bauausschuss mehrere Jahre als Vorsitzender.<\/p>\n<p>Mit Dank und Anerkennung blicken auf die gemeinsame Zeit mit ihm in der FWG Brechen zur\u00fcck. Wir trauern mit den Angeh\u00f6rigen und werden ihm ein ehrendes Andenken bewahren.<\/p>\n<p>FWG Brechen<\/p>\n","protected":false},"excerpt":{"rendered":"<p>&nbsp; Die FWG Brechen trauert um ihren langj\u00e4hrigen und verdienten politischen Mitstreiter Herrn Karl-Josef Ewald, der am 19. Juli 2019 im Alter von 78 Jahren verstorben ist. Karl-Josef Ewald war vom 20. April 1989 bis zum 31. M\u00e4rz 2006 f\u00fcr&hellip; <\/p>\n","protected":false},"author":1,"featured_media":0,"comment_status":"closed","ping_status":"closed","sticky":false,"template":"","format":"standard","meta":{"footnotes":""},"categories":[5,17],"tags":[],"class_list":["post-985","post","type-post","status-publish","format-standard","hentry","category-c1-aktuelle-nachrichten","category-c38-ueberuns"],"_links":{"self":[{"href":"https:\/\/www.newchurch.de\/wpfwg\/wp-json\/wp\/v2\/posts\/985","targetHints":{"allow":["GET"]}}],"collection":[{"href":"https:\/\/www.newchurch.de\/wpfwg\/wp-json\/wp\/v2\/posts"}],"about":[{"href":"https:\/\/www.newchurch.de\/wpfwg\/wp-json\/wp\/v2\/types\/post"}],"author":[{"embeddable":true,"href":"https:\/\/www.newchurch.de\/wpfwg\/wp-json\/wp\/v2\/users\/1"}],"replies":[{"embeddable":true,"href":"https:\/\/www.newchurch.de\/wpfwg\/wp-json\/wp\/v2\/comments?post=985"}],"version-history":[{"count":9,"href":"https:\/\/www.newchurch.de\/wpfwg\/wp-json\/wp\/v2\/posts\/985\/revisions"}],"predecessor-version":[{"id":996,"href":"https:\/\/www.newchurch.de\/wpfwg\/wp-json\/wp\/v2\/posts\/985\/revisions\/996"}],"wp:attachment":[{"href":"https:\/\/www.newchurch.de\/wpfwg\/wp-json\/wp\/v2\/media?parent=985"}],"wp:term":[{"taxonomy":"category","embeddable":true,"href":"https:\/\/www.newchurch.de\/wpfwg\/wp-json\/wp\/v2\/categories?post=985"},{"taxonomy":"post_tag","embeddable":true,"href":"https:\/\/www.newchurch.de\/wpfwg\/wp-json\/wp\/v2\/tags?post=985"}],"curies":[{"name":"wp","href":"https:\/\/api.w.org\/{rel}","templated":true}]}}