{"id":973,"date":"2019-06-27T08:56:00","date_gmt":"2019-06-27T06:56:00","guid":{"rendered":"http:\/\/www.newchurch.de\/wpfwg\/?p=973"},"modified":"2019-06-27T08:56:00","modified_gmt":"2019-06-27T06:56:00","slug":"fwg-antrag-gestaltungskonzept-fuer-unsere-friedhoefe","status":"publish","type":"post","link":"https:\/\/www.newchurch.de\/wpfwg\/2019\/06\/27\/fwg-antrag-gestaltungskonzept-fuer-unsere-friedhoefe\/","title":{"rendered":"FWG-Antrag: Gestaltungskonzept f\u00fcr unsere Friedh\u00f6fe"},"content":{"rendered":"<p>Mit der Errichtung der &#8220;g\u00e4rtnerbetauten Grabanlagen&#8221; auf dem Friedhof Niederbrechen wird ein erster Schritt in Richtung Neugestaltung der Friedh\u00f6fe getan.<\/p>\n<p>Es fehlt hierbei allerdings ein Gesamtkonzept f\u00fcr die zuk\u00fcnftige Gestaltung der Friedh\u00f6fe, welches wir mit unserem Antrag f\u00fcr alle Friedh\u00f6fe der Gemeinde Brechen beantragen.<\/p>\n<p><a href=\"http:\/\/www.newchurch.de\/wpfwg\/wp-content\/uploads\/2019\/06\/FWG-Antrag-Gestaltungskonzept-Friedhof.pdf\"><img loading=\"lazy\" decoding=\"async\" class=\"alignnone  wp-image-976\" src=\"http:\/\/www.newchurch.de\/wpfwg\/wp-content\/uploads\/2019\/06\/fwg-antrag-friedhof-1-213x300.png\" alt=\"\" width=\"212\" height=\"298\" srcset=\"https:\/\/www.newchurch.de\/wpfwg\/wp-content\/uploads\/2019\/06\/fwg-antrag-friedhof-1-213x300.png 213w, https:\/\/www.newchurch.de\/wpfwg\/wp-content\/uploads\/2019\/06\/fwg-antrag-friedhof-1.png 656w\" sizes=\"auto, (max-width: 212px) 100vw, 212px\" \/><\/a><a href=\"http:\/\/www.newchurch.de\/wpfwg\/wp-content\/uploads\/2019\/06\/fwg-antrag-friedhof-2.png\">\u00a0\u00a0<img loading=\"lazy\" decoding=\"async\" class=\"alignnone size-medium wp-image-975\" src=\"http:\/\/www.newchurch.de\/wpfwg\/wp-content\/uploads\/2019\/06\/fwg-antrag-friedhof-2-214x300.png\" alt=\"\" width=\"214\" height=\"300\" srcset=\"https:\/\/www.newchurch.de\/wpfwg\/wp-content\/uploads\/2019\/06\/fwg-antrag-friedhof-2-214x300.png 214w, https:\/\/www.newchurch.de\/wpfwg\/wp-content\/uploads\/2019\/06\/fwg-antrag-friedhof-2.png 656w\" sizes=\"auto, (max-width: 214px) 100vw, 214px\" \/><\/a><\/p>\n","protected":false},"excerpt":{"rendered":"<p>Mit der Errichtung der &#8220;g\u00e4rtnerbetauten Grabanlagen&#8221; auf dem Friedhof Niederbrechen wird ein erster Schritt in Richtung Neugestaltung der Friedh\u00f6fe getan. Es fehlt hierbei allerdings ein Gesamtkonzept f\u00fcr die zuk\u00fcnftige Gestaltung der Friedh\u00f6fe, welches wir mit unserem Antrag f\u00fcr alle Friedh\u00f6fe&hellip; <\/p>\n","protected":false},"author":1,"featured_media":0,"comment_status":"closed","ping_status":"closed","sticky":false,"template":"","format":"standard","meta":{"footnotes":""},"categories":[5,16],"tags":[],"class_list":["post-973","post","type-post","status-publish","format-standard","hentry","category-c1-aktuelle-nachrichten","category-c37-antraege"],"_links":{"self":[{"href":"https:\/\/www.newchurch.de\/wpfwg\/wp-json\/wp\/v2\/posts\/973","targetHints":{"allow":["GET"]}}],"collection":[{"href":"https:\/\/www.newchurch.de\/wpfwg\/wp-json\/wp\/v2\/posts"}],"about":[{"href":"https:\/\/www.newchurch.de\/wpfwg\/wp-json\/wp\/v2\/types\/post"}],"author":[{"embeddable":true,"href":"https:\/\/www.newchurch.de\/wpfwg\/wp-json\/wp\/v2\/users\/1"}],"replies":[{"embeddable":true,"href":"https:\/\/www.newchurch.de\/wpfwg\/wp-json\/wp\/v2\/comments?post=973"}],"version-history":[{"count":1,"href":"https:\/\/www.newchurch.de\/wpfwg\/wp-json\/wp\/v2\/posts\/973\/revisions"}],"predecessor-version":[{"id":979,"href":"https:\/\/www.newchurch.de\/wpfwg\/wp-json\/wp\/v2\/posts\/973\/revisions\/979"}],"wp:attachment":[{"href":"https:\/\/www.newchurch.de\/wpfwg\/wp-json\/wp\/v2\/media?parent=973"}],"wp:term":[{"taxonomy":"category","embeddable":true,"href":"https:\/\/www.newchurch.de\/wpfwg\/wp-json\/wp\/v2\/categories?post=973"},{"taxonomy":"post_tag","embeddable":true,"href":"https:\/\/www.newchurch.de\/wpfwg\/wp-json\/wp\/v2\/tags?post=973"}],"curies":[{"name":"wp","href":"https:\/\/api.w.org\/{rel}","templated":true}]}}