{"id":969,"date":"2019-06-27T08:47:12","date_gmt":"2019-06-27T06:47:12","guid":{"rendered":"http:\/\/www.newchurch.de\/wpfwg\/?p=969"},"modified":"2019-06-27T08:47:12","modified_gmt":"2019-06-27T06:47:12","slug":"fwg-beantragt-pruefung-der-erweiterung-des-altenzentrums-niederbrechen","status":"publish","type":"post","link":"https:\/\/www.newchurch.de\/wpfwg\/2019\/06\/27\/fwg-beantragt-pruefung-der-erweiterung-des-altenzentrums-niederbrechen\/","title":{"rendered":"FWG beantragt Pr\u00fcfung der Erweiterung des Altenzentrums Niederbrechen"},"content":{"rendered":"<p>In der aktuellen Sitzungsrunde stand das Thema Wegfall der Kurzzeitpflegepl\u00e4tze im Altenzentrum &#8220;Mutter-Teresa-Haus&#8221; auf der Tagesordnung, da diese Pl\u00e4tze f\u00fcr die Caritas wirtschaftlich nicht mehr darstellbar sind. Stattdessen sollen Kurzzeitpflegepl\u00e4tze in einer eigenen Einrichtung in Frickhofen etabliert werden.<\/p>\n<p>In der Diskussion wurde als Alternative eine m\u00f6gliche Erweiterung des Altenzentrums in Niederbrechen genannt. Diese Idee m\u00f6chten wir mit unserem Antrag aufgreifen und f\u00fcr die Pr\u00fcfung einer m\u00f6glichen baulichen Erweiterung des Altenzentrums entsprechende Mittel in den Haushalt 2020 einstellen.<\/p>\n<p><a href=\"http:\/\/www.newchurch.de\/wpfwg\/wp-content\/uploads\/2019\/06\/FWG-Antrag-Erweiterung-Altenzentrum.pdf\"><img loading=\"lazy\" decoding=\"async\" class=\"alignnone size-medium wp-image-970\" src=\"http:\/\/www.newchurch.de\/wpfwg\/wp-content\/uploads\/2019\/06\/fwg-antrag-az-212x300.png\" alt=\"\" width=\"212\" height=\"300\" srcset=\"https:\/\/www.newchurch.de\/wpfwg\/wp-content\/uploads\/2019\/06\/fwg-antrag-az-212x300.png 212w, https:\/\/www.newchurch.de\/wpfwg\/wp-content\/uploads\/2019\/06\/fwg-antrag-az.png 652w\" sizes=\"auto, (max-width: 212px) 100vw, 212px\" \/><\/a><\/p>\n","protected":false},"excerpt":{"rendered":"<p>In der aktuellen Sitzungsrunde stand das Thema Wegfall der Kurzzeitpflegepl\u00e4tze im Altenzentrum &#8220;Mutter-Teresa-Haus&#8221; auf der Tagesordnung, da diese Pl\u00e4tze f\u00fcr die Caritas wirtschaftlich nicht mehr darstellbar sind. Stattdessen sollen Kurzzeitpflegepl\u00e4tze in einer eigenen Einrichtung in Frickhofen etabliert werden. In der&hellip; <\/p>\n","protected":false},"author":1,"featured_media":0,"comment_status":"closed","ping_status":"closed","sticky":false,"template":"","format":"standard","meta":{"footnotes":""},"categories":[5,16],"tags":[],"class_list":["post-969","post","type-post","status-publish","format-standard","hentry","category-c1-aktuelle-nachrichten","category-c37-antraege"],"_links":{"self":[{"href":"https:\/\/www.newchurch.de\/wpfwg\/wp-json\/wp\/v2\/posts\/969","targetHints":{"allow":["GET"]}}],"collection":[{"href":"https:\/\/www.newchurch.de\/wpfwg\/wp-json\/wp\/v2\/posts"}],"about":[{"href":"https:\/\/www.newchurch.de\/wpfwg\/wp-json\/wp\/v2\/types\/post"}],"author":[{"embeddable":true,"href":"https:\/\/www.newchurch.de\/wpfwg\/wp-json\/wp\/v2\/users\/1"}],"replies":[{"embeddable":true,"href":"https:\/\/www.newchurch.de\/wpfwg\/wp-json\/wp\/v2\/comments?post=969"}],"version-history":[{"count":1,"href":"https:\/\/www.newchurch.de\/wpfwg\/wp-json\/wp\/v2\/posts\/969\/revisions"}],"predecessor-version":[{"id":972,"href":"https:\/\/www.newchurch.de\/wpfwg\/wp-json\/wp\/v2\/posts\/969\/revisions\/972"}],"wp:attachment":[{"href":"https:\/\/www.newchurch.de\/wpfwg\/wp-json\/wp\/v2\/media?parent=969"}],"wp:term":[{"taxonomy":"category","embeddable":true,"href":"https:\/\/www.newchurch.de\/wpfwg\/wp-json\/wp\/v2\/categories?post=969"},{"taxonomy":"post_tag","embeddable":true,"href":"https:\/\/www.newchurch.de\/wpfwg\/wp-json\/wp\/v2\/tags?post=969"}],"curies":[{"name":"wp","href":"https:\/\/api.w.org\/{rel}","templated":true}]}}