{"id":555,"date":"2016-03-25T15:27:10","date_gmt":"2016-03-25T14:27:10","guid":{"rendered":"http:\/\/www.newchurch.de\/wpfwg\/?p=555"},"modified":"2016-03-30T13:20:36","modified_gmt":"2016-03-30T11:20:36","slug":"ortsschild-werschau-ergebnis-des-ortstermins","status":"publish","type":"post","link":"https:\/\/www.newchurch.de\/wpfwg\/2016\/03\/25\/ortsschild-werschau-ergebnis-des-ortstermins\/","title":{"rendered":"Ortsschild Werschau: Ergebnis des Ortstermins"},"content":{"rendered":"<p>Am 23.03.2016 fand der erneute Ortstermin mit den Beh\u00f6rdenvertretern in Werschau in Sachen Ortsschild statt. Teilnehmer waren Mirjam Trabusch, Stefan G\u00f6bel, Gerd Roos, B\u00fcrgermeister Werner Schlenz, Landrat Manfred Michel und sein B\u00fcroleiter, zwei Juristen des Kreises und Herr Becker von der Polizei Limburg.<br \/>\nEs gab folgenden Kompromiss: das Ortsschild wird an den Platz versetzt, welcher von der Stra\u00dfenverkehrsbeh\u00f6rde auch vorgesehen war (zwischen Einfahrt &#8220;In der Au&#8221; und Ampel). Darauf hat Herr Becker bestanden. Unser Landrat sich daf\u00fcr eingesetzt und auch letztlich durchgesetzt, dass es davor eine &#8220;Trichterl\u00f6sung&#8221; geben wird. D.h. es wird ungef\u00e4hr an der Stelle, wo jetzt das Ortsschild steht, ein Schild mit Tempo 50 aufgestellt werden und ein St\u00fcck vor der Einfahrt zur M\u00fchle ein Tempo 70 Schild.<br \/>\nZus\u00e4tzlich soll noch &#8211; wenn man aus Niederbrechen in Richtung Werschau f\u00e4hrt &#8211; das Schild, welches ca. 300 Meter vor dem Ort die Tempo 70-Begrenzung aufhebt, entfernt werden.<\/p>\n<p><a href=\"http:\/\/www.nnp.de\/lokales\/limburg_und_umgebung\/Ein-Kompromiss-Werschau-kommt-nicht-unter-die-Raeder;art680,1931089\" target=\"_blank\">NNP-Artikel vom 31.03.2016<\/a><\/p>\n","protected":false},"excerpt":{"rendered":"<p>Am 23.03.2016 fand der erneute Ortstermin mit den Beh\u00f6rdenvertretern in Werschau in Sachen Ortsschild statt. Teilnehmer waren Mirjam Trabusch, Stefan G\u00f6bel, Gerd Roos, B\u00fcrgermeister Werner Schlenz, Landrat Manfred Michel und sein B\u00fcroleiter, zwei Juristen des Kreises und Herr Becker von&hellip; <\/p>\n","protected":false},"author":1,"featured_media":0,"comment_status":"closed","ping_status":"closed","sticky":false,"template":"","format":"standard","meta":{"footnotes":""},"categories":[5],"tags":[],"class_list":["post-555","post","type-post","status-publish","format-standard","hentry","category-c1-aktuelle-nachrichten"],"_links":{"self":[{"href":"https:\/\/www.newchurch.de\/wpfwg\/wp-json\/wp\/v2\/posts\/555","targetHints":{"allow":["GET"]}}],"collection":[{"href":"https:\/\/www.newchurch.de\/wpfwg\/wp-json\/wp\/v2\/posts"}],"about":[{"href":"https:\/\/www.newchurch.de\/wpfwg\/wp-json\/wp\/v2\/types\/post"}],"author":[{"embeddable":true,"href":"https:\/\/www.newchurch.de\/wpfwg\/wp-json\/wp\/v2\/users\/1"}],"replies":[{"embeddable":true,"href":"https:\/\/www.newchurch.de\/wpfwg\/wp-json\/wp\/v2\/comments?post=555"}],"version-history":[{"count":4,"href":"https:\/\/www.newchurch.de\/wpfwg\/wp-json\/wp\/v2\/posts\/555\/revisions"}],"predecessor-version":[{"id":560,"href":"https:\/\/www.newchurch.de\/wpfwg\/wp-json\/wp\/v2\/posts\/555\/revisions\/560"}],"wp:attachment":[{"href":"https:\/\/www.newchurch.de\/wpfwg\/wp-json\/wp\/v2\/media?parent=555"}],"wp:term":[{"taxonomy":"category","embeddable":true,"href":"https:\/\/www.newchurch.de\/wpfwg\/wp-json\/wp\/v2\/categories?post=555"},{"taxonomy":"post_tag","embeddable":true,"href":"https:\/\/www.newchurch.de\/wpfwg\/wp-json\/wp\/v2\/tags?post=555"}],"curies":[{"name":"wp","href":"https:\/\/api.w.org\/{rel}","templated":true}]}}