{"id":38,"date":"2008-07-31T15:16:03","date_gmt":"2008-07-31T13:16:03","guid":{"rendered":"http:\/\/www.newchurch.de\/wpfwg\/2008\/07\/31\/spatenstichneuerbauhof\/"},"modified":"2008-07-31T15:16:03","modified_gmt":"2008-07-31T13:16:03","slug":"spatenstichneuerbauhof","status":"publish","type":"post","link":"https:\/\/www.newchurch.de\/wpfwg\/2008\/07\/31\/spatenstichneuerbauhof\/","title":{"rendered":"Spatenstich neuer Bauhof"},"content":{"rendered":"<p><strong>Spatenstich f\u00fcr neuen Bauhof<\/strong><br \/>Nassauische Neue Presse vom 06. August 2008<\/p>\n<p>Brechen-Niederbrechen. Was ein Bauhof macht, das wei\u00df ein jeder. Besonders wenn er irgend etwas mal nicht macht, ist das Geschrei gro\u00df. Deshalb ist auch jedem klar, dass ein Bauhof, wenn er funktionieren soll, mit ordentlichem Raum und ebensolchem Ger\u00e4t ausgestattet sein muss, tatkr\u00e4ftiges und umsichtiges Personal einmal unterstellt.\u00a0<\/p>\n<p>Der \u00abordentliche Raum\u00bb war seit vielen Jahren in Brechen nicht mehr gegeben. Der gemeindliche Bauhof war im so genannten \u00abBullenstall\u00bb in der Turmstra\u00dfe untergebracht, der schon sehr lange normalen Standards nicht mehr entsprach, genau so lange schon aus allen N\u00e4hten platzte. Die Zeitdauer umriss der Leiter des Bauhofes, Reinert Laux, vor dem offiziellen ersten Spatenstich \u2013 nur halb scherzhaft \u2013 wie folgt: \u00abIch habe 26 Jahre von einem neuen Bauhof getr\u00e4umt.\u00bb\u00a0<\/p>\n<p>B\u00fcrgermeister Werner Schlenz (parteilos) sprach dann auch zu Recht von unzumutbaren Arbeitsbedingungen im \u00abBullenstall\u00bb. Dem zu Folge bestand schon lange in den Gemeindegremien Einigkeit dar\u00fcber, eine zeitgerechte und sachgerechte Optimierung der r\u00e4umlichen Verh\u00e4ltnisse zu schaffen. Die Gemeinde Brechen verstehe sich gerade im Bereich \u00abBauhof\u00bb als modernes Dienstleistungsunternehmen, das mit einem Minimum an personellem Aufwand ein Maximum an Leistung erbringen will. Von April 2006 bis September 2007 seien eine Reihe von Standortalternativen f\u00fcr das Projekt gepr\u00fcft und diskutiert worden. Das Gewerbegebiet \u00abFlachsau\u00bb, zentral in der Gemeinde gelegen und aufgrund seiner Gr\u00f6\u00dfe auch Ausdehnungsm\u00f6glichkeiten bietend, habe schlie\u00dflich den Zuschlag erhalten.\u00a0<\/p>\n<p>In die Planung durch das Architekturb\u00fcro Staat seien die Mitarbeiter des Bauhofes, das Bauamt der Gemeinde, die Fachaussch\u00fcsse und der Gemeindevorstand eingebunden worden, um zu einen sachgerechten und zukunftsweisenden Ergebnis zu kommen. Nat\u00fcrlich hatte es bei aller Freude, nun endlich mit dem neuen Bauhof zu starten, auch einen herben \u00abWermutstropfen\u00bb gegeben. Die im Herbst 2006 gesch\u00e4tzten Kosten von 550 000 Euro (einschlie\u00dflich Grunderwerb) waren nicht stabil geblieben, sondern \u00abweggelaufen\u00bb. Die enorme Preissteigerung im Baugewerbe, besonders beim Baustahl, die Erh\u00f6hung der gesetzlichen Mehrwertsteuer um drei Prozentpunkte, nicht zu vergessen das gegen\u00fcber 2006 deutlich aufgestockte Raumprogramm hatten den Kosten f\u00f6rmlich Fl\u00fcgel verliehen, so dass heuer unterm Strich 710 000 Euro stehen.\u00a0<\/p>\n<p>Die \u00f6ffentliche Ausschreibung der 16 Baugewerke wurde z\u00fcgig vorgenommen, Auftr\u00e4ge im Gesamtvolumen von \u00fcber 650 000 Euro vorwiegend an heimische Handwerker vergeben. \u00abWir haben an dem Projekt nicht auf ,Teufel-komm-raus\u2018 gespart, sondern einer langfristigen Sicherstellung einer wirtschaftlichen Aufgabenerf\u00fcllung den Vorrang gegeben. Nun hoffen wir noch auf gutes Wetter sowie auf zeitnahe und sachgerechte Erf\u00fcllung der Werkvertr\u00e4ge\u00bb, sagte Werner Schlenz an die Adresse der anwesenden Bauhandwerker gewandt.\u00a0<\/p>\n<p>Verz\u00f6gerungen im Vorfeld \u2013 nat\u00fcrlich nicht die ganzen 26 Jahre \u2013 seien so gut es ging aufgeholt worden. Wenn alles wunschgem\u00e4\u00df laufe, es kein Unwetter oder \u00abBauungl\u00fccke\u00bb gebe, d\u00fcrfe bis Ende des Jahres mit der Fertigstellung des neuen Bauhofes zu rechnen sein, so der Zeitplan von Architekt G\u00fcnter Staat.\u00a0<\/p>\n<p>In seinem Statement prognostizierte er dem Bauhofmitarbeitern in den \u00abersten Tagen des neuen Jahres\u00bb den Einzug in die neue Arbeitsst\u00e4tte. Nach dem obligatorischenersten Spatenstich im Schatten des Baggers st\u00e4rkten sich alle Anwesenden mit einem kr\u00e4ftigen Imbiss, ein schmackhafter Start f\u00fcr die Handwerker in das neue Projekt. (wu)<\/p>\n","protected":false},"excerpt":{"rendered":"<p>Spatenstich f\u00fcr neuen BauhofNassauische Neue Presse vom 06. August 2008 Brechen-Niederbrechen. Was ein Bauhof macht, das wei\u00df ein jeder. Besonders wenn er irgend etwas mal nicht macht, ist das Geschrei gro\u00df. Deshalb ist auch jedem klar, dass ein Bauhof, wenn&hellip; <\/p>\n","protected":false},"author":1,"featured_media":0,"comment_status":"open","ping_status":"open","sticky":false,"template":"","format":"standard","meta":{"footnotes":""},"categories":[15],"tags":[],"class_list":["post-38","post","type-post","status-publish","format-standard","hentry","category-c36-presse"],"_links":{"self":[{"href":"https:\/\/www.newchurch.de\/wpfwg\/wp-json\/wp\/v2\/posts\/38","targetHints":{"allow":["GET"]}}],"collection":[{"href":"https:\/\/www.newchurch.de\/wpfwg\/wp-json\/wp\/v2\/posts"}],"about":[{"href":"https:\/\/www.newchurch.de\/wpfwg\/wp-json\/wp\/v2\/types\/post"}],"author":[{"embeddable":true,"href":"https:\/\/www.newchurch.de\/wpfwg\/wp-json\/wp\/v2\/users\/1"}],"replies":[{"embeddable":true,"href":"https:\/\/www.newchurch.de\/wpfwg\/wp-json\/wp\/v2\/comments?post=38"}],"version-history":[{"count":0,"href":"https:\/\/www.newchurch.de\/wpfwg\/wp-json\/wp\/v2\/posts\/38\/revisions"}],"wp:attachment":[{"href":"https:\/\/www.newchurch.de\/wpfwg\/wp-json\/wp\/v2\/media?parent=38"}],"wp:term":[{"taxonomy":"category","embeddable":true,"href":"https:\/\/www.newchurch.de\/wpfwg\/wp-json\/wp\/v2\/categories?post=38"},{"taxonomy":"post_tag","embeddable":true,"href":"https:\/\/www.newchurch.de\/wpfwg\/wp-json\/wp\/v2\/tags?post=38"}],"curies":[{"name":"wp","href":"https:\/\/api.w.org\/{rel}","templated":true}]}}