{"id":32,"date":"2008-01-11T16:26:49","date_gmt":"2008-01-11T15:26:49","guid":{"rendered":"http:\/\/www.newchurch.de\/wpfwg\/2008\/01\/11\/wir-trauern\/"},"modified":"2008-01-11T16:26:49","modified_gmt":"2008-01-11T15:26:49","slug":"wir-trauern","status":"publish","type":"post","link":"https:\/\/www.newchurch.de\/wpfwg\/2008\/01\/11\/wir-trauern\/","title":{"rendered":"Wir trauern"},"content":{"rendered":"<p>&nbsp;<\/p>\n<div align=\"center\">Wir trauern um unseren Fraktionskollegen und Freund<\/div>\n<h1 align=\"center\"><font face=\"arial black,avant garde\">Manfred Weier<\/font><\/h1>\n<p>\u00a0<\/p>\n<div align=\"center\">\n<div align=\"center\">\n<div align=\"center\">\n<div align=\"left\">\n<div align=\"center\"><img loading=\"lazy\" decoding=\"async\" class=\" size-full wp-image-31\" src=\"http:\/\/www.newchurch.de\/wpfwg\/wp-content\/uploads\/2008\/01\/manfred_nachruf.jpg\" border=\"0\" alt=\"Manfred Weier\" title=\"Manfred Weier\" width=\"175\" height=\"218\" align=\"middle\" \/>\u00a0<\/div>\n<\/div>\n<\/div>\n<\/div>\n<\/div>\n<p>&nbsp;<\/p>\n<div align=\"center\">Er hat die Arbeit der FWG Brechen \u00fcber viele Jahre <br \/>mit gepr\u00e4gt und hinterl\u00e4sst eine gro\u00dfe L\u00fccke.<\/div>\n<p align=\"center\">Wir\u00a0werden\u00a0ihm\u00a0ein\u00a0ehrendes\u00a0Andenken\u00a0bewahren.\u00a0<\/p>\n<div align=\"center\">Freie\u00a0W\u00e4hlergemeinschaft\u00a0Brechen<\/div>\n<div align=\"center\">\u00a0<\/div>\n<div align=\"center\">\u00a0<\/div>\n","protected":false},"excerpt":{"rendered":"<p>&nbsp; Wir trauern um unseren Fraktionskollegen und Freund Manfred Weier \u00a0 \u00a0 &nbsp; Er hat die Arbeit der FWG Brechen \u00fcber viele Jahre mit gepr\u00e4gt und hinterl\u00e4sst eine gro\u00dfe L\u00fccke. Wir\u00a0werden\u00a0ihm\u00a0ein\u00a0ehrendes\u00a0Andenken\u00a0bewahren.\u00a0 Freie\u00a0W\u00e4hlergemeinschaft\u00a0Brechen \u00a0 \u00a0<\/p>\n","protected":false},"author":1,"featured_media":31,"comment_status":"open","ping_status":"open","sticky":false,"template":"","format":"standard","meta":{"footnotes":""},"categories":[5],"tags":[],"class_list":["post-32","post","type-post","status-publish","format-standard","has-post-thumbnail","hentry","category-c1-aktuelle-nachrichten"],"_links":{"self":[{"href":"https:\/\/www.newchurch.de\/wpfwg\/wp-json\/wp\/v2\/posts\/32","targetHints":{"allow":["GET"]}}],"collection":[{"href":"https:\/\/www.newchurch.de\/wpfwg\/wp-json\/wp\/v2\/posts"}],"about":[{"href":"https:\/\/www.newchurch.de\/wpfwg\/wp-json\/wp\/v2\/types\/post"}],"author":[{"embeddable":true,"href":"https:\/\/www.newchurch.de\/wpfwg\/wp-json\/wp\/v2\/users\/1"}],"replies":[{"embeddable":true,"href":"https:\/\/www.newchurch.de\/wpfwg\/wp-json\/wp\/v2\/comments?post=32"}],"version-history":[{"count":0,"href":"https:\/\/www.newchurch.de\/wpfwg\/wp-json\/wp\/v2\/posts\/32\/revisions"}],"wp:featuredmedia":[{"embeddable":true,"href":"https:\/\/www.newchurch.de\/wpfwg\/wp-json\/wp\/v2\/media\/31"}],"wp:attachment":[{"href":"https:\/\/www.newchurch.de\/wpfwg\/wp-json\/wp\/v2\/media?parent=32"}],"wp:term":[{"taxonomy":"category","embeddable":true,"href":"https:\/\/www.newchurch.de\/wpfwg\/wp-json\/wp\/v2\/categories?post=32"},{"taxonomy":"post_tag","embeddable":true,"href":"https:\/\/www.newchurch.de\/wpfwg\/wp-json\/wp\/v2\/tags?post=32"}],"curies":[{"name":"wp","href":"https:\/\/api.w.org\/{rel}","templated":true}]}}